{"id":71882,"date":"2024-11-07T11:41:02","date_gmt":"2024-11-07T10:41:02","guid":{"rendered":"https:\/\/salesianos.info\/somosfuturo\/?p=71882"},"modified":"2024-11-07T11:41:02","modified_gmt":"2024-11-07T10:41:02","slug":"celebrado-el-encuentro-inspectorial-de-coordinadores-de-pastoral-de-salesianos-social","status":"publish","type":"post","link":"https:\/\/salesianos.info\/somosfuturo\/2024\/11\/07\/celebrado-el-encuentro-inspectorial-de-coordinadores-de-pastoral-de-salesianos-social\/","title":{"rendered":"Celebrado el encuentro inspectorial de Coordinadores de Pastoral de Salesianos Social"},"content":{"rendered":"<pre>Autor: Salesianos Comunicaci\u00f3n<\/pre>\n<p>El encuentro de Coordinadores de Pastoral se convoca cada dos a\u00f1os por el Delegado de Pastoral Juvenil y el Coordinador de Plataformas Sociales Salesianas, en este caso Jordi Lleix\u00e0 y Joan Valls, respectivamente.<\/p>\n<p>En este encuentro han participado, adem\u00e1s las direcciones generales de las tres fundaciones de la Inspector\u00eda, Ignacio V\u00e1zquez de Fundaci\u00f3n Don Bosco Salesianos Social, Paco Estell\u00e9s de Salesians Sant Jordi, y Nacho Beltr\u00e1n de FISAT Salesianos Social; los responsables del \u00e1rea de pastoral Pep Alam\u00e1n, Javier Guil y Jordi Tarraz\u00f3, y 15 personas que coordinan la pastoral en cada Plataforma de Educaci\u00f3n Social.<\/p>\n<p>El objetivo de este encuentro es reflexionar sobre temas comunes a toda la inspector\u00eda, articulados a trav\u00e9s de cuatro bloques de trabajo: Somos Futuro (momento personal de reflexi\u00f3n, para luego compartir, a partir de un texto evang\u00e9lico), Somos de Don Bosco (recorrido de los documentos que inspiran nuestra acci\u00f3n pastoral), Somos Anuncio (resumen y comentario de la reflexi\u00f3n de los equipos directivos sobre el Primer Anuncio) y Somos Espiritualidad (inicio de clarificaci\u00f3n sobre qu\u00e9 entendemos por espiritualidad y c\u00f3mo trabajar la dimensi\u00f3n espiritual).<\/p>\n<p>Cabe destacar la importancia de este encuentro para unir sinergias y trabajar en una misma direcci\u00f3n desde todas las entidades sociales de la Inspector\u00eda Mar\u00eda Auxiliadora.<\/p>\n<h3><b>Curso de Formaci\u00f3n para la Coordinaci\u00f3n Pastoral en las Plataformas Sociales Salesianas<\/b><\/h3>\n<p>Previamente al encuentro, del 23 al 25 de octubre se ha celebrado el curso de formaci\u00f3n para la Coordinaci\u00f3n de Pastoral en las Plataformas Sociales Salesianas.<\/p>\n<p>El objetivo de la formaci\u00f3n de Coordinaci\u00f3n Pastoral est\u00e1 dise\u00f1ado para formar a agentes educativos especializados en el acompa\u00f1amiento de j\u00f3venes en situaci\u00f3n de vulnerabilidad, bas\u00e1ndose en el sistema preventivo de Don Bosco como gu\u00eda para su desarrollo integral, y que acompa\u00f1an d\u00eda tras d\u00eda j\u00f3venes vulnerables en las Plataformas Sociales Salesianas.<\/p>\n<p>Las personas participantes han profundizado en el carisma salesiano como base para abrir espacios de trascendencia, as\u00ed como en la importancia de anticiparse a situaciones de riesgo. Se han abordado competencias clave para trabajar la interioridad y fomentar el respeto hacia las creencias, y espiritualidad, un elemento esencial en la construcci\u00f3n de puentes interreligiosos y culturales.<\/p>\n<p>El curso ha hecho hincapi\u00e9 en que la Pastoral Juvenil no se limita al acompa\u00f1amiento espiritual. \u00abPara los chicos y chicas en situaci\u00f3n de riesgo hay infinitas posibilidades de futuro si logramos escuchar, e intentar, desde su protagonismo como j\u00f3venes, cerrar poco a poco, las heridas que impiden su crecimiento personal\u00bb, afirm\u00f3 durante la sesi\u00f3n Jota Llorente, director general de la CEPSS.<\/p>\n<p>El enfoque educativo integral salesiano abarca las dimensiones afectiva, moral, social, proporcionando a la juventud las herramientas necesarias para su maduraci\u00f3n y desarrollo pleno.<\/p>\n<p>&nbsp;<\/p>\n","protected":false},"excerpt":{"rendered":"<p>El nuevo centro Nacional de Pastoral Juvenil acogi\u00f3 los d\u00edas 5 y 6 de noviembre el encuentro inspectorial de coordinadores y coordinadoras de Pastoral de Plataformas Sociales.<\/p>\n","protected":false},"author":3,"featured_media":71883,"comment_status":"open","ping_status":"open","sticky":false,"template":"","format":"standard","meta":{"_et_pb_use_builder":"","_et_pb_old_content":"","_et_gb_content_width":"","footnotes":""},"categories":[1],"tags":[],"class_list":["post-71882","post","type-post","status-publish","format-standard","has-post-thumbnail","hentry","category-sin-categoria"],"yoast_head":"<!-- This site is optimized with the Yoast SEO plugin v27.5 - https:\/\/yoast.com\/product\/yoast-seo-wordpress\/ -->\n<title>Celebrado el encuentro inspectorial de Coordinadores de Pastoral de Salesianos Social - Somos futuro | Salesianos Espa\u00f1a<\/title>\n<meta name=\"robots\" content=\"index, follow, max-snippet:-1, max-image-preview:large, max-video-preview:-1\" \/>\n<link rel=\"canonical\" href=\"https:\/\/salesianos.info\/somosfuturo\/2024\/11\/07\/celebrado-el-encuentro-inspectorial-de-coordinadores-de-pastoral-de-salesianos-social\/\" \/>\n<meta property=\"og:locale\" content=\"es_ES\" \/>\n<meta property=\"og:type\" content=\"article\" \/>\n<meta property=\"og:title\" content=\"Celebrado el encuentro inspectorial de Coordinadores de Pastoral de Salesianos Social - Somos futuro | Salesianos Espa\u00f1a\" \/>\n<meta property=\"og:description\" content=\"El nuevo centro Nacional de Pastoral Juvenil acogi\u00f3 los d\u00edas 5 y 6 de noviembre el encuentro inspectorial de coordinadores y coordinadoras de Pastoral de Plataformas Sociales.\" \/>\n<meta property=\"og:url\" content=\"https:\/\/salesianos.info\/somosfuturo\/2024\/11\/07\/celebrado-el-encuentro-inspectorial-de-coordinadores-de-pastoral-de-salesianos-social\/\" \/>\n<meta property=\"og:site_name\" content=\"Somos futuro | Salesianos Espa\u00f1a\" \/>\n<meta property=\"article:published_time\" content=\"2024-11-07T10:41:02+00:00\" \/>\n<meta property=\"og:image\" content=\"https:\/\/salesianos.info\/somosfuturo\/wp-content\/uploads\/sites\/12\/2024\/11\/Salesianos_CoordinadoresPastoral_Plataformas.jpg\" \/>\n\t<meta property=\"og:image:width\" content=\"1920\" \/>\n\t<meta property=\"og:image:height\" content=\"1440\" \/>\n\t<meta property=\"og:image:type\" content=\"image\/jpeg\" \/>\n<meta name=\"author\" content=\"gestorweb\" \/>\n<meta name=\"twitter:card\" content=\"summary_large_image\" \/>\n<meta name=\"twitter:label1\" content=\"Escrito por\" \/>\n\t<meta name=\"twitter:data1\" content=\"gestorweb\" \/>\n\t<meta name=\"twitter:label2\" content=\"Tiempo de lectura\" \/>\n\t<meta name=\"twitter:data2\" content=\"3 minutos\" \/>\n<script type=\"application\/ld+json\" class=\"yoast-schema-graph\">{\"@context\":\"https:\\\/\\\/schema.org\",\"@graph\":[{\"@type\":\"Article\",\"@id\":\"https:\\\/\\\/salesianos.info\\\/somosfuturo\\\/2024\\\/11\\\/07\\\/celebrado-el-encuentro-inspectorial-de-coordinadores-de-pastoral-de-salesianos-social\\\/#article\",\"isPartOf\":{\"@id\":\"https:\\\/\\\/salesianos.info\\\/somosfuturo\\\/2024\\\/11\\\/07\\\/celebrado-el-encuentro-inspectorial-de-coordinadores-de-pastoral-de-salesianos-social\\\/\"},\"author\":{\"name\":\"gestorweb\",\"@id\":\"https:\\\/\\\/salesianos.info\\\/somosfuturo\\\/#\\\/schema\\\/person\\\/217d9c8092f7fc6a09803ecc4349ffdc\"},\"headline\":\"Celebrado el encuentro inspectorial de Coordinadores de Pastoral de Salesianos Social\",\"datePublished\":\"2024-11-07T10:41:02+00:00\",\"mainEntityOfPage\":{\"@id\":\"https:\\\/\\\/salesianos.info\\\/somosfuturo\\\/2024\\\/11\\\/07\\\/celebrado-el-encuentro-inspectorial-de-coordinadores-de-pastoral-de-salesianos-social\\\/\"},\"wordCount\":489,\"commentCount\":0,\"image\":{\"@id\":\"https:\\\/\\\/salesianos.info\\\/somosfuturo\\\/2024\\\/11\\\/07\\\/celebrado-el-encuentro-inspectorial-de-coordinadores-de-pastoral-de-salesianos-social\\\/#primaryimage\"},\"thumbnailUrl\":\"https:\\\/\\\/salesianos.info\\\/somosfuturo\\\/wp-content\\\/uploads\\\/sites\\\/12\\\/2024\\\/11\\\/Salesianos_CoordinadoresPastoral_Plataformas.jpg\",\"inLanguage\":\"es\",\"potentialAction\":[{\"@type\":\"CommentAction\",\"name\":\"Comment\",\"target\":[\"https:\\\/\\\/salesianos.info\\\/somosfuturo\\\/2024\\\/11\\\/07\\\/celebrado-el-encuentro-inspectorial-de-coordinadores-de-pastoral-de-salesianos-social\\\/#respond\"]}]},{\"@type\":\"WebPage\",\"@id\":\"https:\\\/\\\/salesianos.info\\\/somosfuturo\\\/2024\\\/11\\\/07\\\/celebrado-el-encuentro-inspectorial-de-coordinadores-de-pastoral-de-salesianos-social\\\/\",\"url\":\"https:\\\/\\\/salesianos.info\\\/somosfuturo\\\/2024\\\/11\\\/07\\\/celebrado-el-encuentro-inspectorial-de-coordinadores-de-pastoral-de-salesianos-social\\\/\",\"name\":\"Celebrado el encuentro inspectorial de Coordinadores de Pastoral de Salesianos Social - Somos futuro | Salesianos Espa\u00f1a\",\"isPartOf\":{\"@id\":\"https:\\\/\\\/salesianos.info\\\/somosfuturo\\\/#website\"},\"primaryImageOfPage\":{\"@id\":\"https:\\\/\\\/salesianos.info\\\/somosfuturo\\\/2024\\\/11\\\/07\\\/celebrado-el-encuentro-inspectorial-de-coordinadores-de-pastoral-de-salesianos-social\\\/#primaryimage\"},\"image\":{\"@id\":\"https:\\\/\\\/salesianos.info\\\/somosfuturo\\\/2024\\\/11\\\/07\\\/celebrado-el-encuentro-inspectorial-de-coordinadores-de-pastoral-de-salesianos-social\\\/#primaryimage\"},\"thumbnailUrl\":\"https:\\\/\\\/salesianos.info\\\/somosfuturo\\\/wp-content\\\/uploads\\\/sites\\\/12\\\/2024\\\/11\\\/Salesianos_CoordinadoresPastoral_Plataformas.jpg\",\"datePublished\":\"2024-11-07T10:41:02+00:00\",\"author\":{\"@id\":\"https:\\\/\\\/salesianos.info\\\/somosfuturo\\\/#\\\/schema\\\/person\\\/217d9c8092f7fc6a09803ecc4349ffdc\"},\"breadcrumb\":{\"@id\":\"https:\\\/\\\/salesianos.info\\\/somosfuturo\\\/2024\\\/11\\\/07\\\/celebrado-el-encuentro-inspectorial-de-coordinadores-de-pastoral-de-salesianos-social\\\/#breadcrumb\"},\"inLanguage\":\"es\",\"potentialAction\":[{\"@type\":\"ReadAction\",\"target\":[\"https:\\\/\\\/salesianos.info\\\/somosfuturo\\\/2024\\\/11\\\/07\\\/celebrado-el-encuentro-inspectorial-de-coordinadores-de-pastoral-de-salesianos-social\\\/\"]}]},{\"@type\":\"ImageObject\",\"inLanguage\":\"es\",\"@id\":\"https:\\\/\\\/salesianos.info\\\/somosfuturo\\\/2024\\\/11\\\/07\\\/celebrado-el-encuentro-inspectorial-de-coordinadores-de-pastoral-de-salesianos-social\\\/#primaryimage\",\"url\":\"https:\\\/\\\/salesianos.info\\\/somosfuturo\\\/wp-content\\\/uploads\\\/sites\\\/12\\\/2024\\\/11\\\/Salesianos_CoordinadoresPastoral_Plataformas.jpg\",\"contentUrl\":\"https:\\\/\\\/salesianos.info\\\/somosfuturo\\\/wp-content\\\/uploads\\\/sites\\\/12\\\/2024\\\/11\\\/Salesianos_CoordinadoresPastoral_Plataformas.jpg\",\"width\":1920,\"height\":1440},{\"@type\":\"BreadcrumbList\",\"@id\":\"https:\\\/\\\/salesianos.info\\\/somosfuturo\\\/2024\\\/11\\\/07\\\/celebrado-el-encuentro-inspectorial-de-coordinadores-de-pastoral-de-salesianos-social\\\/#breadcrumb\",\"itemListElement\":[{\"@type\":\"ListItem\",\"position\":1,\"name\":\"Portada\",\"item\":\"https:\\\/\\\/salesianos.info\\\/somosfuturo\\\/\"},{\"@type\":\"ListItem\",\"position\":2,\"name\":\"Celebrado el encuentro inspectorial de Coordinadores de Pastoral de Salesianos Social\"}]},{\"@type\":\"WebSite\",\"@id\":\"https:\\\/\\\/salesianos.info\\\/somosfuturo\\\/#website\",\"url\":\"https:\\\/\\\/salesianos.info\\\/somosfuturo\\\/\",\"name\":\"Somos futuro | Salesianos Espa\u00f1a\",\"description\":\"Campa\u00f1a Pastoral 2024-2025\",\"potentialAction\":[{\"@type\":\"SearchAction\",\"target\":{\"@type\":\"EntryPoint\",\"urlTemplate\":\"https:\\\/\\\/salesianos.info\\\/somosfuturo\\\/?s={search_term_string}\"},\"query-input\":{\"@type\":\"PropertyValueSpecification\",\"valueRequired\":true,\"valueName\":\"search_term_string\"}}],\"inLanguage\":\"es\"},{\"@type\":\"Person\",\"@id\":\"https:\\\/\\\/salesianos.info\\\/somosfuturo\\\/#\\\/schema\\\/person\\\/217d9c8092f7fc6a09803ecc4349ffdc\",\"name\":\"gestorweb\",\"image\":{\"@type\":\"ImageObject\",\"inLanguage\":\"es\",\"@id\":\"https:\\\/\\\/secure.gravatar.com\\\/avatar\\\/f934eca2c1371f8971c28787f02cc9b467304efdc8b70218abb2200f9a633eac?s=96&d=mm&r=g\",\"url\":\"https:\\\/\\\/secure.gravatar.com\\\/avatar\\\/f934eca2c1371f8971c28787f02cc9b467304efdc8b70218abb2200f9a633eac?s=96&d=mm&r=g\",\"contentUrl\":\"https:\\\/\\\/secure.gravatar.com\\\/avatar\\\/f934eca2c1371f8971c28787f02cc9b467304efdc8b70218abb2200f9a633eac?s=96&d=mm&r=g\",\"caption\":\"gestorweb\"},\"url\":\"https:\\\/\\\/salesianos.info\\\/somosfuturo\\\/author\\\/gestorweb\\\/\"}]}<\/script>\n<!-- \/ Yoast SEO plugin. -->","yoast_head_json":{"title":"Celebrado el encuentro inspectorial de Coordinadores de Pastoral de Salesianos Social - Somos futuro | Salesianos Espa\u00f1a","robots":{"index":"index","follow":"follow","max-snippet":"max-snippet:-1","max-image-preview":"max-image-preview:large","max-video-preview":"max-video-preview:-1"},"canonical":"https:\/\/salesianos.info\/somosfuturo\/2024\/11\/07\/celebrado-el-encuentro-inspectorial-de-coordinadores-de-pastoral-de-salesianos-social\/","og_locale":"es_ES","og_type":"article","og_title":"Celebrado el encuentro inspectorial de Coordinadores de Pastoral de Salesianos Social - Somos futuro | Salesianos Espa\u00f1a","og_description":"El nuevo centro Nacional de Pastoral Juvenil acogi\u00f3 los d\u00edas 5 y 6 de noviembre el encuentro inspectorial de coordinadores y coordinadoras de Pastoral de Plataformas Sociales.","og_url":"https:\/\/salesianos.info\/somosfuturo\/2024\/11\/07\/celebrado-el-encuentro-inspectorial-de-coordinadores-de-pastoral-de-salesianos-social\/","og_site_name":"Somos futuro | Salesianos Espa\u00f1a","article_published_time":"2024-11-07T10:41:02+00:00","og_image":[{"width":1920,"height":1440,"url":"https:\/\/salesianos.info\/somosfuturo\/wp-content\/uploads\/sites\/12\/2024\/11\/Salesianos_CoordinadoresPastoral_Plataformas.jpg","type":"image\/jpeg"}],"author":"gestorweb","twitter_card":"summary_large_image","twitter_misc":{"Escrito por":"gestorweb","Tiempo de lectura":"3 minutos"},"schema":{"@context":"https:\/\/schema.org","@graph":[{"@type":"Article","@id":"https:\/\/salesianos.info\/somosfuturo\/2024\/11\/07\/celebrado-el-encuentro-inspectorial-de-coordinadores-de-pastoral-de-salesianos-social\/#article","isPartOf":{"@id":"https:\/\/salesianos.info\/somosfuturo\/2024\/11\/07\/celebrado-el-encuentro-inspectorial-de-coordinadores-de-pastoral-de-salesianos-social\/"},"author":{"name":"gestorweb","@id":"https:\/\/salesianos.info\/somosfuturo\/#\/schema\/person\/217d9c8092f7fc6a09803ecc4349ffdc"},"headline":"Celebrado el encuentro inspectorial de Coordinadores de Pastoral de Salesianos Social","datePublished":"2024-11-07T10:41:02+00:00","mainEntityOfPage":{"@id":"https:\/\/salesianos.info\/somosfuturo\/2024\/11\/07\/celebrado-el-encuentro-inspectorial-de-coordinadores-de-pastoral-de-salesianos-social\/"},"wordCount":489,"commentCount":0,"image":{"@id":"https:\/\/salesianos.info\/somosfuturo\/2024\/11\/07\/celebrado-el-encuentro-inspectorial-de-coordinadores-de-pastoral-de-salesianos-social\/#primaryimage"},"thumbnailUrl":"https:\/\/salesianos.info\/somosfuturo\/wp-content\/uploads\/sites\/12\/2024\/11\/Salesianos_CoordinadoresPastoral_Plataformas.jpg","inLanguage":"es","potentialAction":[{"@type":"CommentAction","name":"Comment","target":["https:\/\/salesianos.info\/somosfuturo\/2024\/11\/07\/celebrado-el-encuentro-inspectorial-de-coordinadores-de-pastoral-de-salesianos-social\/#respond"]}]},{"@type":"WebPage","@id":"https:\/\/salesianos.info\/somosfuturo\/2024\/11\/07\/celebrado-el-encuentro-inspectorial-de-coordinadores-de-pastoral-de-salesianos-social\/","url":"https:\/\/salesianos.info\/somosfuturo\/2024\/11\/07\/celebrado-el-encuentro-inspectorial-de-coordinadores-de-pastoral-de-salesianos-social\/","name":"Celebrado el encuentro inspectorial de Coordinadores de Pastoral de Salesianos Social - Somos futuro | Salesianos Espa\u00f1a","isPartOf":{"@id":"https:\/\/salesianos.info\/somosfuturo\/#website"},"primaryImageOfPage":{"@id":"https:\/\/salesianos.info\/somosfuturo\/2024\/11\/07\/celebrado-el-encuentro-inspectorial-de-coordinadores-de-pastoral-de-salesianos-social\/#primaryimage"},"image":{"@id":"https:\/\/salesianos.info\/somosfuturo\/2024\/11\/07\/celebrado-el-encuentro-inspectorial-de-coordinadores-de-pastoral-de-salesianos-social\/#primaryimage"},"thumbnailUrl":"https:\/\/salesianos.info\/somosfuturo\/wp-content\/uploads\/sites\/12\/2024\/11\/Salesianos_CoordinadoresPastoral_Plataformas.jpg","datePublished":"2024-11-07T10:41:02+00:00","author":{"@id":"https:\/\/salesianos.info\/somosfuturo\/#\/schema\/person\/217d9c8092f7fc6a09803ecc4349ffdc"},"breadcrumb":{"@id":"https:\/\/salesianos.info\/somosfuturo\/2024\/11\/07\/celebrado-el-encuentro-inspectorial-de-coordinadores-de-pastoral-de-salesianos-social\/#breadcrumb"},"inLanguage":"es","potentialAction":[{"@type":"ReadAction","target":["https:\/\/salesianos.info\/somosfuturo\/2024\/11\/07\/celebrado-el-encuentro-inspectorial-de-coordinadores-de-pastoral-de-salesianos-social\/"]}]},{"@type":"ImageObject","inLanguage":"es","@id":"https:\/\/salesianos.info\/somosfuturo\/2024\/11\/07\/celebrado-el-encuentro-inspectorial-de-coordinadores-de-pastoral-de-salesianos-social\/#primaryimage","url":"https:\/\/salesianos.info\/somosfuturo\/wp-content\/uploads\/sites\/12\/2024\/11\/Salesianos_CoordinadoresPastoral_Plataformas.jpg","contentUrl":"https:\/\/salesianos.info\/somosfuturo\/wp-content\/uploads\/sites\/12\/2024\/11\/Salesianos_CoordinadoresPastoral_Plataformas.jpg","width":1920,"height":1440},{"@type":"BreadcrumbList","@id":"https:\/\/salesianos.info\/somosfuturo\/2024\/11\/07\/celebrado-el-encuentro-inspectorial-de-coordinadores-de-pastoral-de-salesianos-social\/#breadcrumb","itemListElement":[{"@type":"ListItem","position":1,"name":"Portada","item":"https:\/\/salesianos.info\/somosfuturo\/"},{"@type":"ListItem","position":2,"name":"Celebrado el encuentro inspectorial de Coordinadores de Pastoral de Salesianos Social"}]},{"@type":"WebSite","@id":"https:\/\/salesianos.info\/somosfuturo\/#website","url":"https:\/\/salesianos.info\/somosfuturo\/","name":"Somos futuro | Salesianos Espa\u00f1a","description":"Campa\u00f1a Pastoral 2024-2025","potentialAction":[{"@type":"SearchAction","target":{"@type":"EntryPoint","urlTemplate":"https:\/\/salesianos.info\/somosfuturo\/?s={search_term_string}"},"query-input":{"@type":"PropertyValueSpecification","valueRequired":true,"valueName":"search_term_string"}}],"inLanguage":"es"},{"@type":"Person","@id":"https:\/\/salesianos.info\/somosfuturo\/#\/schema\/person\/217d9c8092f7fc6a09803ecc4349ffdc","name":"gestorweb","image":{"@type":"ImageObject","inLanguage":"es","@id":"https:\/\/secure.gravatar.com\/avatar\/f934eca2c1371f8971c28787f02cc9b467304efdc8b70218abb2200f9a633eac?s=96&d=mm&r=g","url":"https:\/\/secure.gravatar.com\/avatar\/f934eca2c1371f8971c28787f02cc9b467304efdc8b70218abb2200f9a633eac?s=96&d=mm&r=g","contentUrl":"https:\/\/secure.gravatar.com\/avatar\/f934eca2c1371f8971c28787f02cc9b467304efdc8b70218abb2200f9a633eac?s=96&d=mm&r=g","caption":"gestorweb"},"url":"https:\/\/salesianos.info\/somosfuturo\/author\/gestorweb\/"}]}},"views":59,"_links":{"self":[{"href":"https:\/\/salesianos.info\/somosfuturo\/wp-json\/wp\/v2\/posts\/71882","targetHints":{"allow":["GET"]}}],"collection":[{"href":"https:\/\/salesianos.info\/somosfuturo\/wp-json\/wp\/v2\/posts"}],"about":[{"href":"https:\/\/salesianos.info\/somosfuturo\/wp-json\/wp\/v2\/types\/post"}],"author":[{"embeddable":true,"href":"https:\/\/salesianos.info\/somosfuturo\/wp-json\/wp\/v2\/users\/3"}],"replies":[{"embeddable":true,"href":"https:\/\/salesianos.info\/somosfuturo\/wp-json\/wp\/v2\/comments?post=71882"}],"version-history":[{"count":1,"href":"https:\/\/salesianos.info\/somosfuturo\/wp-json\/wp\/v2\/posts\/71882\/revisions"}],"predecessor-version":[{"id":71884,"href":"https:\/\/salesianos.info\/somosfuturo\/wp-json\/wp\/v2\/posts\/71882\/revisions\/71884"}],"wp:featuredmedia":[{"embeddable":true,"href":"https:\/\/salesianos.info\/somosfuturo\/wp-json\/wp\/v2\/media\/71883"}],"wp:attachment":[{"href":"https:\/\/salesianos.info\/somosfuturo\/wp-json\/wp\/v2\/media?parent=71882"}],"wp:term":[{"taxonomy":"category","embeddable":true,"href":"https:\/\/salesianos.info\/somosfuturo\/wp-json\/wp\/v2\/categories?post=71882"},{"taxonomy":"post_tag","embeddable":true,"href":"https:\/\/salesianos.info\/somosfuturo\/wp-json\/wp\/v2\/tags?post=71882"}],"curies":[{"name":"wp","href":"https:\/\/api.w.org\/{rel}","templated":true}]}}